{"id":2097,"date":"2024-05-10T12:43:24","date_gmt":"2024-05-10T10:43:24","guid":{"rendered":"https:\/\/theprojectjustine.org\/2024\/05\/10\/rahma-confection\/"},"modified":"2024-07-19T12:15:53","modified_gmt":"2024-07-19T10:15:53","slug":"rahma-confection","status":"publish","type":"post","link":"https:\/\/theprojectjustine.org\/fr\/2024\/05\/10\/rahma-confection\/","title":{"rendered":"Rahma Confection"},"content":{"rendered":"<p>[et_pb_section fb_built=\u00a0\u00bb1&Prime; _builder_version=\u00a0\u00bb4.25.0&Prime; _module_preset=\u00a0\u00bbdefault\u00a0\u00bb global_colors_info=\u00a0\u00bb{}\u00a0\u00bb][et_pb_row _builder_version=\u00a0\u00bb4.25.0&Prime; _module_preset=\u00a0\u00bbdefault\u00a0\u00bb global_colors_info=\u00a0\u00bb{}\u00a0\u00bb][et_pb_column type=\u00a0\u00bb4_4&Prime; _builder_version=\u00a0\u00bb4.25.0&Prime; _module_preset=\u00a0\u00bbdefault\u00a0\u00bb global_colors_info=\u00a0\u00bb{}\u00a0\u00bb][et_pb_text _builder_version=\u00a0\u00bb4.25.0&Prime; _module_preset=\u00a0\u00bbdefault\u00a0\u00bb global_colors_info=\u00a0\u00bb{}\u00a0\u00bb]<\/p>\n<p>Lorsque la banni\u00e8re a \u00e9t\u00e9 d\u00e9voil\u00e9e au-dessus de l&rsquo;entr\u00e9e de notre hall de production \u00e0 Diourbel, nous \u00e9tions \u00e9mus : Rahma Confection y \u00e9tait inscrit en grosses lettres &#8211; il faut savoir que Rahma ne signifie pas seulement \u00ab\u00a0mis\u00e9ricorde\u00a0\u00bb et qu&rsquo;elle joue un r\u00f4le important dans l&rsquo;islam. Il se trouve que Rahma est aussi l&rsquo;\u00e9quivalent s\u00e9n\u00e9galais de Rahm\u00e9e. Nous acceptons cette appr\u00e9ciation avec gratitude.<\/p>\n<p>[\/et_pb_text][\/et_pb_column][\/et_pb_row][et_pb_row _builder_version=\u00a0\u00bb4.25.1&Prime; _module_preset=\u00a0\u00bbdefault\u00a0\u00bb hover_enabled=\u00a0\u00bb0&Prime; global_colors_info=\u00a0\u00bb{}\u00a0\u00bb sticky_enabled=\u00a0\u00bb0&Prime;][et_pb_column type=\u00a0\u00bb4_4&Prime; _builder_version=\u00a0\u00bb4.25.0&Prime; _module_preset=\u00a0\u00bbdefault\u00a0\u00bb global_colors_info=\u00a0\u00bb{}\u00a0\u00bb][et_pb_image src=\u00a0\u00bbhttps:\/\/theprojectjustine.org\/wp-content\/uploads\/2024\/06\/894-23-042-\u00a9AttilaHenning-Opening-Rahma-Confection-Rahmee-Wetterich.webp\u00a0\u00bb title_text=\u00a0\u00bb894-23-042 \u00a9AttilaHenning Opening Rahma Confection Rahmee Wetterich\u00a0\u00bb _builder_version=\u00a0\u00bb4.25.1&Prime; _module_preset=\u00a0\u00bbdefault\u00a0\u00bb min_height=\u00a0\u00bb540px\u00a0\u00bb min_height_tablet=\u00a0\u00bb540px\u00a0\u00bb min_height_phone=\u00a0\u00bb540px\u00a0\u00bb min_height_last_edited=\u00a0\u00bbon|phone\u00a0\u00bb hover_enabled=\u00a0\u00bb0&Prime; global_colors_info=\u00a0\u00bb{}\u00a0\u00bb force_fullwidth=\u00a0\u00bbon\u00a0\u00bb sticky_enabled=\u00a0\u00bb0&Prime;][\/et_pb_image][\/et_pb_column][\/et_pb_row][et_pb_row column_structure=\u00a0\u00bb1_3,1_3,1_3&Prime; _builder_version=\u00a0\u00bb4.25.0&Prime; _module_preset=\u00a0\u00bbdefault\u00a0\u00bb global_colors_info=\u00a0\u00bb{}\u00a0\u00bb][et_pb_column type=\u00a0\u00bb1_3&Prime; _builder_version=\u00a0\u00bb4.25.0&Prime; _module_preset=\u00a0\u00bbdefault\u00a0\u00bb global_colors_info=\u00a0\u00bb{}\u00a0\u00bb][et_pb_image src=\u00a0\u00bbhttps:\/\/theprojectjustine.org\/wp-content\/uploads\/2024\/06\/894-23-050-\u00a9AttilaHenning-Opening-Rahma-Confection-Arsene-Ademi.webp\u00a0\u00bb title_text=\u00a0\u00bb894-23-050 \u00a9AttilaHenning Opening Rahma Confection Arsene Ademi\u00a0\u00bb _builder_version=\u00a0\u00bb4.25.1&Prime; _module_preset=\u00a0\u00bbdefault\u00a0\u00bb global_colors_info=\u00a0\u00bb{}\u00a0\u00bb][\/et_pb_image][\/et_pb_column][et_pb_column type=\u00a0\u00bb1_3&Prime; _builder_version=\u00a0\u00bb4.25.0&Prime; _module_preset=\u00a0\u00bbdefault\u00a0\u00bb global_colors_info=\u00a0\u00bb{}\u00a0\u00bb][et_pb_image src=\u00a0\u00bbhttps:\/\/theprojectjustine.org\/wp-content\/uploads\/2024\/06\/894-23-066-\u00a9AttilaHenning-Opening-Rahma-Confection.webp\u00a0\u00bb title_text=\u00a0\u00bb894-23-066 \u00a9AttilaHenning Opening Rahma Confection\u00a0\u00bb _builder_version=\u00a0\u00bb4.25.1&Prime; _module_preset=\u00a0\u00bbdefault\u00a0\u00bb global_colors_info=\u00a0\u00bb{}\u00a0\u00bb][\/et_pb_image][\/et_pb_column][et_pb_column type=\u00a0\u00bb1_3&Prime; _builder_version=\u00a0\u00bb4.25.0&Prime; _module_preset=\u00a0\u00bbdefault\u00a0\u00bb global_colors_info=\u00a0\u00bb{}\u00a0\u00bb][et_pb_image src=\u00a0\u00bbhttps:\/\/theprojectjustine.org\/wp-content\/uploads\/2024\/06\/894-23-101-\u00a9AttilaHenning-Mister-Lo-Rahmee-Wetterich.webp\u00a0\u00bb title_text=\u00a0\u00bb894-23-101 \u00a9AttilaHenning Mister Lo Rahmee Wetterich\u00a0\u00bb _builder_version=\u00a0\u00bb4.25.1&Prime; _module_preset=\u00a0\u00bbdefault\u00a0\u00bb global_colors_info=\u00a0\u00bb{}\u00a0\u00bb][\/et_pb_image][\/et_pb_column][\/et_pb_row][et_pb_row _builder_version=\u00a0\u00bb4.25.0&Prime; _module_preset=\u00a0\u00bbdefault\u00a0\u00bb global_colors_info=\u00a0\u00bb{}\u00a0\u00bb][et_pb_column type=\u00a0\u00bb4_4&Prime; _builder_version=\u00a0\u00bb4.25.0&Prime; _module_preset=\u00a0\u00bbdefault\u00a0\u00bb global_colors_info=\u00a0\u00bb{}\u00a0\u00bb][et_pb_text _builder_version=\u00a0\u00bb4.25.1&Prime; _module_preset=\u00a0\u00bbdefault\u00a0\u00bb global_colors_info=\u00a0\u00bb{}\u00a0\u00bb]<\/p>\n<p style=\"text-align: right;\"><em>Des proches et des amis sont venus assister \u00e0 la r\u00e9v\u00e9lation du nom. Outre les interviews, il y a eu du temps pour l&rsquo;\u00e9change, les embrassades et l&rsquo;anticipation d&rsquo;un chemin commun.<\/em><\/p>\n<p>[\/et_pb_text][\/et_pb_column][\/et_pb_row][\/et_pb_section][et_pb_section fb_built=\u00a0\u00bb1&Prime; _builder_version=\u00a0\u00bb4.25.1&Prime; _module_preset=\u00a0\u00bbdefault\u00a0\u00bb global_colors_info=\u00a0\u00bb{}\u00a0\u00bb][et_pb_row _builder_version=\u00a0\u00bb4.25.1&Prime; _module_preset=\u00a0\u00bbdefault\u00a0\u00bb global_colors_info=\u00a0\u00bb{}\u00a0\u00bb][et_pb_column type=\u00a0\u00bb4_4&Prime; _builder_version=\u00a0\u00bb4.25.1&Prime; _module_preset=\u00a0\u00bbdefault\u00a0\u00bb global_colors_info=\u00a0\u00bb{}\u00a0\u00bb][et_pb_post_nav prev_text=\u00a0\u00bbcontribution pr\u00e9c\u00e9dente\u00a0\u00bb next_text=\u00a0\u00bbarticle suivant\u00a0\u00bb _builder_version=\u00a0\u00bb4.25.1&Prime; _module_preset=\u00a0\u00bbdefault\u00a0\u00bb title_text_color=\u00a0\u00bb#000000&Prime; background_color=\u00a0\u00bb#CFCEBB\u00a0\u00bb custom_padding=\u00a0\u00bb10px|20px|10px|20px|true|true\u00a0\u00bb global_colors_info=\u00a0\u00bb{}\u00a0\u00bb title_text_color__hover_enabled=\u00a0\u00bboff|desktop\u00a0\u00bb background__hover_enabled=\u00a0\u00bbon|hover\u00a0\u00bb background_color__hover=\u00a0\u00bb#FFDC8D\u00a0\u00bb background_enable_color__hover=\u00a0\u00bbon\u00a0\u00bb][\/et_pb_post_nav][\/et_pb_column][\/et_pb_row][\/et_pb_section]<\/p>\n","protected":false},"excerpt":{"rendered":"<p>Lorsque la banni\u00e8re a \u00e9t\u00e9 d\u00e9voil\u00e9e au-dessus de l&rsquo;entr\u00e9e de notre hall de production \u00e0 Diourbel, nous \u00e9tions \u00e9mus : Rahma Confection y \u00e9tait inscrit en grosses lettres &#8211; il faut savoir que Rahma ne signifie pas seulement \u00ab\u00a0mis\u00e9ricorde\u00a0\u00bb et qu&rsquo;elle joue un r\u00f4le important dans l&rsquo;islam. Il se trouve que Rahma est aussi l&rsquo;\u00e9quivalent [&hellip;]<\/p>\n","protected":false},"author":2,"featured_media":2098,"comment_status":"closed","ping_status":"closed","sticky":false,"template":"","format":"standard","meta":{"_et_pb_use_builder":"on","_et_pb_old_content":"","_et_gb_content_width":"","footnotes":""},"categories":[27],"tags":[],"class_list":["post-2097","post","type-post","status-publish","format-standard","has-post-thumbnail","hentry","category-senegal-fr"],"_links":{"self":[{"href":"https:\/\/theprojectjustine.org\/fr\/wp-json\/wp\/v2\/posts\/2097","targetHints":{"allow":["GET"]}}],"collection":[{"href":"https:\/\/theprojectjustine.org\/fr\/wp-json\/wp\/v2\/posts"}],"about":[{"href":"https:\/\/theprojectjustine.org\/fr\/wp-json\/wp\/v2\/types\/post"}],"author":[{"embeddable":true,"href":"https:\/\/theprojectjustine.org\/fr\/wp-json\/wp\/v2\/users\/2"}],"replies":[{"embeddable":true,"href":"https:\/\/theprojectjustine.org\/fr\/wp-json\/wp\/v2\/comments?post=2097"}],"version-history":[{"count":2,"href":"https:\/\/theprojectjustine.org\/fr\/wp-json\/wp\/v2\/posts\/2097\/revisions"}],"predecessor-version":[{"id":2100,"href":"https:\/\/theprojectjustine.org\/fr\/wp-json\/wp\/v2\/posts\/2097\/revisions\/2100"}],"wp:featuredmedia":[{"embeddable":true,"href":"https:\/\/theprojectjustine.org\/fr\/wp-json\/wp\/v2\/media\/2098"}],"wp:attachment":[{"href":"https:\/\/theprojectjustine.org\/fr\/wp-json\/wp\/v2\/media?parent=2097"}],"wp:term":[{"taxonomy":"category","embeddable":true,"href":"https:\/\/theprojectjustine.org\/fr\/wp-json\/wp\/v2\/categories?post=2097"},{"taxonomy":"post_tag","embeddable":true,"href":"https:\/\/theprojectjustine.org\/fr\/wp-json\/wp\/v2\/tags?post=2097"}],"curies":[{"name":"wp","href":"https:\/\/api.w.org\/{rel}","templated":true}]}}